{"id":6134,"date":"2026-09-01T11:44:14","date_gmt":"2026-09-01T16:44:14","guid":{"rendered":"https:\/\/www.orbitaradio.com.pe\/?p=6134"},"modified":"2026-09-01T11:44:14","modified_gmt":"2026-09-01T16:44:14","slug":"lionel-richie-es-hospitalizado-de-urgencia-tras-su-show","status":"publish","type":"post","link":"https:\/\/www.orbitaradio.com.pe\/index.php\/2026\/09\/01\/lionel-richie-es-hospitalizado-de-urgencia-tras-su-show\/","title":{"rendered":"Lionel Richie es hospitalizado de urgencia tras su show"},"content":{"rendered":"<p><img loading=\"lazy\" decoding=\"async\" class=\"alignnone size-medium wp-image-6135 aligncenter\" src=\"https:\/\/www.orbitaradio.com.pe\/wp-content\/uploads\/2026\/09\/Lionel-Richie-300x168.png\" alt=\"\" width=\"300\" height=\"168\" \/><\/p>\n<p>El incidente en Misuri se suma a los mareos que el artista sufri\u00f3 en junio pasado durante una presentaci\u00f3n previa en Minnesota.<\/p>\n<p><strong>Lionel Richie fue hospitalizado de emergencia tras presentar complicaciones de salud inmediatamente despu\u00e9s de concluir su concierto en un teatro en St. Louis, Misuri.<\/strong><\/p>\n<p>El cantante de 77 a\u00f1os ingres\u00f3 a la unidad de cuidados intensivos (UCI) en una cl\u00ednica de St. Louis tras mostrar dificultades f\u00edsicas durante el show. El equipo m\u00e9dico decidi\u00f3 mantenerlo bajo constante observaci\u00f3n preventiva mientras realizan los estudios correspondientes para evaluar su condici\u00f3n actual.<\/p>\n<p>Este episodio de salud se suma al incidente registrado en junio de este a\u00f1o durante el inicio de su gira en Minnesota, donde se vio obligado a detener su concierto a la mitad tras sufrir mareos.<\/p>\n<p>Hasta el momento, sus representantes oficiales no han emitido un comunicado de actualizaci\u00f3n sobre cambios en las pr\u00f3ximas fechas de su gira ni sobre su alta m\u00e9dica.<\/p>\n<p>Entre los compromisos pactados en su agenda de conciertos para los pr\u00f3ximos meses figuran las siguientes fechas:<\/p>\n<p>26 de septiembre en San Francisco, California<\/p>\n<p>30 de septiembre en Chicago, Illinois<\/p>\n<p>2 de octubre en Columbus, Ohio<\/p>\n<p>14, 16 y 17 de octubre en Las Vegas, Nevada<\/p>\n<p>11, 13 y 14 de noviembre en Las Vegas, Nevada<\/p>\n<p>19 de diciembre en S\u00e3o Paulo, Brasil<\/p>\n<p>&nbsp;<\/p>\n<p><strong>Fuente \u00e9 Imagen:<\/strong>\u00a0 www.elhorizonte.mx<\/p>\n","protected":false},"excerpt":{"rendered":"<p>El incidente en Misuri se suma a los mareos que el artista sufri\u00f3 en junio pasado durante una presentaci\u00f3n previa en Minnesota. Lionel Richie fue hospitalizado de emergencia tras presentar complicaciones de salud inmediatamente despu\u00e9s de concluir su concierto en un teatro en St. Louis, Misuri. El cantante de 77 a\u00f1os ingres\u00f3 a la unidad [&hellip;]<\/p>\n","protected":false},"author":1,"featured_media":6135,"comment_status":"open","ping_status":"open","sticky":false,"template":"","format":"standard","meta":{"footnotes":""},"categories":[90,93,91],"tags":[],"class_list":["post-6134","post","type-post","status-publish","format-standard","has-post-thumbnail","hentry","category-artistas","category-fotogalerias","category-noticias"],"featured_image_src":{"landsacpe":["https:\/\/www.orbitaradio.com.pe\/wp-content\/uploads\/2026\/09\/Lionel-Richie.png",658,368,false],"list":["https:\/\/www.orbitaradio.com.pe\/wp-content\/uploads\/2026\/09\/Lionel-Richie-463x348.png",463,348,true],"medium":["https:\/\/www.orbitaradio.com.pe\/wp-content\/uploads\/2026\/09\/Lionel-Richie-300x168.png",300,168,true],"full":["https:\/\/www.orbitaradio.com.pe\/wp-content\/uploads\/2026\/09\/Lionel-Richie.png",658,368,false]},"_links":{"self":[{"href":"https:\/\/www.orbitaradio.com.pe\/index.php\/wp-json\/wp\/v2\/posts\/6134","targetHints":{"allow":["GET"]}}],"collection":[{"href":"https:\/\/www.orbitaradio.com.pe\/index.php\/wp-json\/wp\/v2\/posts"}],"about":[{"href":"https:\/\/www.orbitaradio.com.pe\/index.php\/wp-json\/wp\/v2\/types\/post"}],"author":[{"embeddable":true,"href":"https:\/\/www.orbitaradio.com.pe\/index.php\/wp-json\/wp\/v2\/users\/1"}],"replies":[{"embeddable":true,"href":"https:\/\/www.orbitaradio.com.pe\/index.php\/wp-json\/wp\/v2\/comments?post=6134"}],"version-history":[{"count":1,"href":"https:\/\/www.orbitaradio.com.pe\/index.php\/wp-json\/wp\/v2\/posts\/6134\/revisions"}],"predecessor-version":[{"id":6136,"href":"https:\/\/www.orbitaradio.com.pe\/index.php\/wp-json\/wp\/v2\/posts\/6134\/revisions\/6136"}],"wp:featuredmedia":[{"embeddable":true,"href":"https:\/\/www.orbitaradio.com.pe\/index.php\/wp-json\/wp\/v2\/media\/6135"}],"wp:attachment":[{"href":"https:\/\/www.orbitaradio.com.pe\/index.php\/wp-json\/wp\/v2\/media?parent=6134"}],"wp:term":[{"taxonomy":"category","embeddable":true,"href":"https:\/\/www.orbitaradio.com.pe\/index.php\/wp-json\/wp\/v2\/categories?post=6134"},{"taxonomy":"post_tag","embeddable":true,"href":"https:\/\/www.orbitaradio.com.pe\/index.php\/wp-json\/wp\/v2\/tags?post=6134"}],"curies":[{"name":"wp","href":"https:\/\/api.w.org\/{rel}","templated":true}]}}